{"id":6178,"date":"2018-10-11T08:00:57","date_gmt":"2018-10-11T06:00:57","guid":{"rendered":"http:\/\/dhl-freight-connections.com\/?p=6178"},"modified":"2019-04-28T16:57:46","modified_gmt":"2019-04-28T14:57:46","slug":"interview-steffen-bilger-road-transport","status":"publish","type":"post","link":"https:\/\/dhl-freight-connections.com\/de\/trends\/interview-steffen-bilger-road-transport\/","title":{"rendered":"\u201eMehr Mobilit\u00e4t bei weniger Emissionen\u201c"},"content":{"rendered":"\n<h2 class=\"wp-block-heading\">Interview mit Steffen Bilger, Koordinator der Bundesregierung f\u00fcr G\u00fcterverkehr und Logistik: Der Stra\u00dfeng\u00fcterverkehr der Zukunft wird nachhaltig, digital und intermodal.<\/h2>\n\n\n\n<p>Das europ\u00e4ische Mobilit\u00e4tspaket h\u00e4ngt im Parlament fest, die deutsche Infrastruktur br\u00f6ckelt und die Luftqualit\u00e4t besch\u00e4ftigt die Gerichte \u2013 genug Themen f\u00fcr das Gespr\u00e4ch von DHL Freight Connections mit Steffen Bilger MdB, Parlamentarischer Staatssekret\u00e4r im Bundesministerium f\u00fcr Verkehr und Digitale Infrastruktur (BMVI) und Koordinator der Bundesregierung f\u00fcr G\u00fcterverkehr und Logistik.<\/p>\n\n\n\n<h3 class=\"wp-block-heading\">Unl\u00e4ngst sind einige wichtige Aspekte des ersten Mobilit\u00e4tspakets zu den Themen Entsendung, Ruhezeiten und Kabotage im EU-Parlament an den zust\u00e4ndigen Ausschuss zur\u00fcckverwiesen worden. Wie beurteilt die Bundesregierung diesen Vorgang?<\/h3>\n\n\n\n<p>Das erste Mobilit\u00e4tspaket ber\u00fchrt sensible Fragestellungen, und die Zur\u00fcckverweisung an die zust\u00e4ndigen Aussch\u00fcsse spiegelt die Zersplitterung der Positionen in diesem Themenfeld wider. F\u00fcr einen nachhaltigen, sicheren, fairen und effizienten Stra\u00dfeng\u00fcter- und Personenverkehr gilt es jetzt, vern\u00fcnftige und ausgewogene Kompromisse zu erzielen. Die Bundesregierung wird die \u00f6sterreichische Ratspr\u00e4sidentschaft daher nach besten Kr\u00e4ften unterst\u00fctzen, den Vorschl\u00e4gen eine positive Richtung zu geben und die Differenzen zwischen den Mitgliedstaaten zu \u00fcberwinden.<\/p>\n\n\n\n<h3 class=\"wp-block-heading\">Hamburg hat als erste deutsche Stadt ein Dieselfahrverbot auf bestimmten Teilstrecken erlassen, weitere Kommunen folgen. Wie wollen Sie den notwendigen Lieferverkehr in deutschen Innenst\u00e4dten sicherstellen?<\/h3>\n\n\n\n<p>Die Bundesregierung wollte und will Fahrverbote vermeiden. Ma\u00dfnahmen zur Verbesserung der Luftqualit\u00e4t in St\u00e4dten sollten nicht die Mobilit\u00e4t einschr\u00e4nken oder die B\u00fcrger und die innerst\u00e4dtische Wirtschaft belasten. Daher sind Fahrverbote der falsche politische Ansatz. Stattdessen brauchen wir mehr Mobilit\u00e4t bei weniger Emissionen. Und dabei unterst\u00fctzt der Bund massiv. So f\u00f6rdert das BMVI zum Beispiel \u00fcber die F\u00f6rderrichtlinie Elektromobilit\u00e4t die Umstellung von fossil betriebenen Wirtschaftsverkehren auf batterieelektrische Antriebe sowie die daf\u00fcr ben\u00f6tigte Ladeinfrastruktur.<\/p>\n\n\n\n<h3 class=\"wp-block-heading\">Deutschland ist f\u00fcr Lkw das Transitland Nummer eins. Ist die Infrastruktur den st\u00e4ndig zunehmenden Verkehrszahlen auf absehbare Zeit gewachsen?<\/h3>\n\n\n\n<p>Wir d\u00fcrfen uns nicht ausruhen. Daf\u00fcr zu sorgen, ist einer der Schwerpunkte der Verkehrspolitik der Bundesregierung. Daher haben wir mit dem Bundesverkehrswegeplan 2030 und dem Bedarfsplan f\u00fcr die Bundesfernstra\u00dfen 2016 langfristige und starke Investitionspl\u00e4ne f\u00fcr den Erhalt der Infrastruktur und die Beseitigung von Engp\u00e4ssen geschaffen. Wir investieren so viel wie noch nie in die Verkehrsinfrastruktur des Bundes. Allein in die Bundesfernstra\u00dfen flie\u00dfen in diesem Jahr rund 8,6 Milliarden&nbsp;Euro. Das sind Rekordzahlen, eben weil wir den Nachholbedarf kennen und Vers\u00e4umnisse beim Erhalt unserer Infrastruktur beseitigen.<\/p>\n\n\n\n<h3 class=\"wp-block-heading\">Die ersten Feldversuche mit autonom fahrenden Lkw laufen bereits, viele rechtliche Fragen sind aber nach wie vor ungekl\u00e4rt. Ist eine Anpassung des Stra\u00dfenverkehrsrechts in dieser Legislaturperiode geplant und wie kann eine solche Gesetzes\u00e4nderung aussehen?<\/h3>\n\n\n\n<p>Mit dem Inkrafttreten des 8. Gesetzes zur \u00c4nderung des Stra\u00dfenverkehrsgesetzes im Juni 2017 haben wir als weltweit erstes Land einen Rechtsrahmen zum Einsatz hoch- und teilweise vollautomatisierter Kraftfahrzeuge geschaffen. In dieser Legislaturperiode werden wir einen Rechtsrahmen zum Einsatz autonomer Kraftfahrzeuge in geeigneten Anwendungsf\u00e4llen erarbeiten. Es wird derzeit gepr\u00fcft, in welchen Vorschriften des Stra\u00dfenverkehrsrechts diesbez\u00fcglich Anpassungen erforderlich werden. Wir wollen damit den Einsatz autonomer, das hei\u00dft&nbsp;fahrerloser Fahrzeuge f\u00fcr spezifische Anwendungszwecke und auf festzulegenden Strecken in Deutschland erm\u00f6glichen.<\/p>\n\n\n\n<h3 class=\"wp-block-heading\">Wie sieht Ihrer pers\u00f6nlichen Meinung nach der Stra\u00dfeng\u00fcterverkehr in Europa in 20 Jahren aus?<\/h3>\n\n\n\n<p>Nachhaltig, digital und intermodal. Allein bis 2030 wollen wir die Treibhausgase im Verkehrssektor um \u00fcber 40 Prozent senken, zum Beispiel \u00fcber die F\u00f6rderung alternativer Antriebe. Gleichzeitig wird die digitale, in Echtzeit vernetzte Welt neue Potenziale freilegen. Denken Sie zum Beispiel an die Effizienzgewinne, die durch sogenanntes&nbsp;Platooning \u2013 also das Vernetzen der Lkw untereinander \u2013 entstehen k\u00f6nnen. Trotzdem gilt es auch weiterhin, die Schnittstellen zwischen den einzelnen Verkehrstr\u00e4gern zu verbessern und die Stra\u00dfen zu entlasten.<\/p>\n","protected":false},"excerpt":{"rendered":"<p>Steffen Bilger, Koordinator der Bundesregierung f\u00fcr G\u00fcterverkehr und Logistik: Der Stra\u00dfeng\u00fcterverkehr der Zukunft wird nachhaltig, digital und intermodal.<\/p>\n","protected":false},"author":2,"featured_media":6307,"comment_status":"open","ping_status":"open","sticky":false,"template":"","format":"standard","meta":{"_acf_changed":false,"footnotes":""},"categories":[364],"tags":[521],"class_list":["post-6178","post","type-post","status-publish","format-standard","has-post-thumbnail","hentry","category-trends","tag-nachhaltigkeit"],"acf":[],"_links":{"self":[{"href":"https:\/\/dhl-freight-connections.com\/de\/wp-json\/wp\/v2\/posts\/6178","targetHints":{"allow":["GET"]}}],"collection":[{"href":"https:\/\/dhl-freight-connections.com\/de\/wp-json\/wp\/v2\/posts"}],"about":[{"href":"https:\/\/dhl-freight-connections.com\/de\/wp-json\/wp\/v2\/types\/post"}],"author":[{"embeddable":true,"href":"https:\/\/dhl-freight-connections.com\/de\/wp-json\/wp\/v2\/users\/2"}],"replies":[{"embeddable":true,"href":"https:\/\/dhl-freight-connections.com\/de\/wp-json\/wp\/v2\/comments?post=6178"}],"version-history":[{"count":1,"href":"https:\/\/dhl-freight-connections.com\/de\/wp-json\/wp\/v2\/posts\/6178\/revisions"}],"predecessor-version":[{"id":8271,"href":"https:\/\/dhl-freight-connections.com\/de\/wp-json\/wp\/v2\/posts\/6178\/revisions\/8271"}],"wp:featuredmedia":[{"embeddable":true,"href":"https:\/\/dhl-freight-connections.com\/de\/wp-json\/wp\/v2\/media\/6307"}],"wp:attachment":[{"href":"https:\/\/dhl-freight-connections.com\/de\/wp-json\/wp\/v2\/media?parent=6178"}],"wp:term":[{"taxonomy":"category","embeddable":true,"href":"https:\/\/dhl-freight-connections.com\/de\/wp-json\/wp\/v2\/categories?post=6178"},{"taxonomy":"post_tag","embeddable":true,"href":"https:\/\/dhl-freight-connections.com\/de\/wp-json\/wp\/v2\/tags?post=6178"}],"curies":[{"name":"wp","href":"https:\/\/api.w.org\/{rel}","templated":true}]}}