{"id":36929,"date":"2025-03-11T10:00:00","date_gmt":"2025-03-11T09:00:00","guid":{"rendered":"https:\/\/dhl-freight-connections.com\/?p=36929"},"modified":"2025-03-10T15:54:11","modified_gmt":"2025-03-10T14:54:11","slug":"dhl-freight-schweden-testet-vollelektrischen-volvo-auf-der-langstrecke","status":"publish","type":"post","link":"https:\/\/dhl-freight-connections.com\/de\/nachhaltigkeit\/dhl-freight-schweden-testet-vollelektrischen-volvo-auf-der-langstrecke\/","title":{"rendered":"DHL Freight Schweden testet vollelektrischen Volvo auf der Langstrecke"},"content":{"rendered":"\n<p>Elektrische Transportl\u00f6sungen geh\u00f6ren auf der letzten Meile und im Verteilerverkehr schon lange zum logistischen Alltag. Durch die technische Weiterentwicklung der Antriebs- und Batteriesysteme wird E-Mobilit\u00e4t auch im Fern- und Schwerlastverkehr immer mehr zu einer echten nachhaltigen Alternative. Bei DHL Freight Schweden schreitet die Elektrifizierung des Stra\u00dfeng\u00fcterverkehrs besonders schnell voran. Jetzt hat DHL Freight den Volvo FH Electric auf der Langstrecke getestet.<\/p>\n\n\n\n<h2 class=\"wp-block-heading\">Batterieantrieb als wichtiges Puzzleteil f\u00fcr die Umstellung der Lkw-Flotte<\/h2>\n\n\n\n<p>In Schweden betreibt DHL Freight schon heute viele Strecken vollelektrisch und hat bereits 2021 einen <a href=\"https:\/\/dhl-freight-connections.com\/de\/nachhaltigkeit\/dhl-freight-und-volvo\/\">Pilotversuch mit Volvo<\/a> im schweren Fernverkehr durchgef\u00fchrt. Die Nachhaltigkeitsbem\u00fchungen gehen weiter. Zwischen der s\u00fcdlichsten schwedischen Grafschaft Sk\u00e5ne und der Region M\u00e4lartal (M\u00e4lardalen) \u00f6stlich von Stockholm hat DHL Freight Schweden den Volvo FH Electric erfolgreich im Fernverkehr eingesetzt.<\/p>\n\n\n<div class=\"lazyblock-infobox-8FjfV wp-block-lazyblock-infobox\"><section class=\"block-info-box\" style=\"background-color:#FFCC00;\">\n<span class=\"block-info-box-label c-red\"><span class=\"dashicons dashicons-info\"><\/span> Infobox<\/span>\n\n\n<p>Der <strong>Volvo FH Electric<\/strong> wurde f\u00fcr den Transport gro\u00dfer G\u00fctermengen und Langstreckentransporte entwickelt.<\/p>\n\n\n\n<ul class=\"wp-block-list\">\n<li>Antrieb: zwei bis drei Elektromotoren mit einer Spitzenleistung von 330 bis zu 490 kW (450-666&nbsp;PS)<\/li>\n\n\n\n<li>Zul\u00e4ssiges Gesamtgewicht: bis zu 44 Tonnen<\/li>\n\n\n\n<li>Reichweite: bis zu 300 km<\/li>\n\n\n\n<li>Batteriekapazit\u00e4t: 360-540 kWh (4-6 Batterien)<\/li>\n\n\n\n<li>Ladeleistung: bis zu 160 kW<\/li>\n\n\n\n<li>Ladezeit: abh\u00e4ngig von der Ladeinfrastruktur; Beispiele: 9,5 Stunden mit Wechselstrom (43 kW) und 2,5 Stunden mit Gleichstrom (250 kW)<\/li>\n<\/ul>\n\n<\/section><\/div>\n\n\n<p>Der FH Electric hat sich auch auf der Langstrecke bew\u00e4hrt und der Test die Erwartungen erf\u00fcllt. Auch weil mittlerweile die Ladeinfrastruktur in Schweden so gut ausgebaut ist, dass Warteschlangen vermieden werden k\u00f6nnen. Sehr n\u00fctzlich ist dabei die Volvo Connect App, mit der die Fahrer:innen Fahrzeiten und Ladestopps selbstst\u00e4ndig und bequem planen k\u00f6nnen. Aber es gebe noch Verbesserungspotenzial, so Stefan Bergwall, Head of Business Development Non Terminal-Based Operations, DHL Freight Schweden. Lange Strecken in Kombination mit hohen Gesamtzuggewichten w\u00fcrden weiterhin Herausforderungen an die Reichweite und Ladegeschwindigkeit der Fahrzeuge stellen, um eine optimale Produktivit\u00e4t zu erreichen.<\/p>\n\n\n\n<figure class=\"wp-block-gallery has-nested-images columns-default is-cropped wp-block-gallery-1 is-layout-flex wp-block-gallery-is-layout-flex\">\n<figure class=\"wp-block-image size-large\"><img loading=\"lazy\" decoding=\"async\" width=\"819\" height=\"1024\" data-id=\"36933\" src=\"https:\/\/dhl-freight-connections.com\/wp-content\/uploads\/2025\/03\/DHL_Volvo_Electric_1-1-819x1024.jpg\" alt=\"\" class=\"wp-image-36933\" srcset=\"https:\/\/dhl-freight-connections.com\/wp-content\/uploads\/2025\/03\/DHL_Volvo_Electric_1-1-819x1024.jpg 819w, https:\/\/dhl-freight-connections.com\/wp-content\/uploads\/2025\/03\/DHL_Volvo_Electric_1-1-240x300.jpg 240w, https:\/\/dhl-freight-connections.com\/wp-content\/uploads\/2025\/03\/DHL_Volvo_Electric_1-1-1229x1536.jpg 1229w, https:\/\/dhl-freight-connections.com\/wp-content\/uploads\/2025\/03\/DHL_Volvo_Electric_1-1.jpg 1440w\" sizes=\"auto, (max-width: 819px) 100vw, 819px\" \/><figcaption class=\"wp-element-caption\">Ylva \u00d6hrnell<\/figcaption><\/figure>\n\n\n\n<figure class=\"wp-block-image size-large\"><img loading=\"lazy\" decoding=\"async\" width=\"819\" height=\"1024\" data-id=\"36934\" src=\"https:\/\/dhl-freight-connections.com\/wp-content\/uploads\/2025\/03\/DHL_Volvo_Electric_3-819x1024.jpg\" alt=\"\" class=\"wp-image-36934\" srcset=\"https:\/\/dhl-freight-connections.com\/wp-content\/uploads\/2025\/03\/DHL_Volvo_Electric_3-819x1024.jpg 819w, https:\/\/dhl-freight-connections.com\/wp-content\/uploads\/2025\/03\/DHL_Volvo_Electric_3-240x300.jpg 240w, https:\/\/dhl-freight-connections.com\/wp-content\/uploads\/2025\/03\/DHL_Volvo_Electric_3-1229x1536.jpg 1229w, https:\/\/dhl-freight-connections.com\/wp-content\/uploads\/2025\/03\/DHL_Volvo_Electric_3.jpg 1440w\" sizes=\"auto, (max-width: 819px) 100vw, 819px\" \/><figcaption class=\"wp-element-caption\">Boris Oroz<\/figcaption><\/figure>\n<\/figure>\n\n\n\n<blockquote class=\"wp-block-quote is-layout-flow wp-block-quote-is-layout-flow\">\n<p>Wir arbeiten intensiv mit unseren Partnern und Frachtf\u00fchrern zusammen, um die Elektrifizierung des Stra\u00dfeng\u00fcterverkehrs voranzutreiben. Die M\u00f6glichkeit, neue L\u00f6sungen im regul\u00e4ren Verkehr zu testen, gibt uns wertvolle Erfahrungen sowohl mit der Technologie selbst als auch mit der Fahrerperspektive und wie die L\u00f6sung in unserem Logistikalltag funktioniert und optimiert werden kann.<\/p>\n<cite><strong>Ylva \u00d6hrnell,<\/strong> Director Sustainability, DHL Freight Schweden<\/cite><\/blockquote>\n\n\n\n<h2 class=\"wp-block-heading\">Aufschluss gibt nur der Test unter realen Bedingungen<\/h2>\n\n\n\n<p>Praxistests auf der Stra\u00dfe unter realen Bedingungen verschaffen allen Beteiligten, vom Kabinenpersonal bis zur Planungsabteilung, wertvolle Erfahrungen f\u00fcr die sp\u00e4tere Implementierung in den Regelbetrieb. Da bei DHL Freight Schweden praktische Erprobung und Umsetzung Hand in Hand gehen, ist es laut Boris Oroz, Head of DHL \u00c5keri, DHL Freight Schweden, kein Zufall, dass schon heute bereits 90 Prozent der Lkw-Flotte ohne fossile Brennstoffe auskommen und das Unternehmen auf dem besten Weg ist, 100 Prozent zu erreichen.<\/p>\n\n\n\n<p>Doch nicht nur DHL Freight Schweden kann schneller emissionsfreie Transporte einf\u00fchren, die gesamte Branche profitiert von den Ergebnissen des Praxistests. Gleichzeitig geht der Blick in die Zukunft. Wo es heute noch keine Warteschlangen an den Lades\u00e4ulen gibt, d\u00fcrfte es mit zunehmender Elektrifizierung des Schwerlastverkehrs nicht mehr lange dauern, bis Slotzeiten gebucht werden m\u00fcssen, um Wartezeiten zu vermeiden.<\/p>\n\n\n\n<figure class=\"wp-block-gallery has-nested-images columns-default is-cropped wp-block-gallery-2 is-layout-flex wp-block-gallery-is-layout-flex\">\n<figure class=\"wp-block-image size-large\"><img loading=\"lazy\" decoding=\"async\" width=\"819\" height=\"1024\" data-id=\"36932\" src=\"https:\/\/dhl-freight-connections.com\/wp-content\/uploads\/2025\/03\/DHL_Volvo_Electric_4-819x1024.jpg\" alt=\"\" class=\"wp-image-36932\" srcset=\"https:\/\/dhl-freight-connections.com\/wp-content\/uploads\/2025\/03\/DHL_Volvo_Electric_4-819x1024.jpg 819w, https:\/\/dhl-freight-connections.com\/wp-content\/uploads\/2025\/03\/DHL_Volvo_Electric_4-240x300.jpg 240w, https:\/\/dhl-freight-connections.com\/wp-content\/uploads\/2025\/03\/DHL_Volvo_Electric_4-1229x1536.jpg 1229w, https:\/\/dhl-freight-connections.com\/wp-content\/uploads\/2025\/03\/DHL_Volvo_Electric_4.jpg 1440w\" sizes=\"auto, (max-width: 819px) 100vw, 819px\" \/><figcaption class=\"wp-element-caption\">Stefan Bergwall<\/figcaption><\/figure>\n\n\n\n<figure class=\"wp-block-image size-large is-style-default\"><img loading=\"lazy\" decoding=\"async\" width=\"819\" height=\"1024\" data-id=\"36935\" src=\"https:\/\/dhl-freight-connections.com\/wp-content\/uploads\/2025\/03\/DHL_Volvo_Electric_5-819x1024.jpg\" alt=\"\" class=\"wp-image-36935\" srcset=\"https:\/\/dhl-freight-connections.com\/wp-content\/uploads\/2025\/03\/DHL_Volvo_Electric_5-819x1024.jpg 819w, https:\/\/dhl-freight-connections.com\/wp-content\/uploads\/2025\/03\/DHL_Volvo_Electric_5-240x300.jpg 240w, https:\/\/dhl-freight-connections.com\/wp-content\/uploads\/2025\/03\/DHL_Volvo_Electric_5-1229x1536.jpg 1229w, https:\/\/dhl-freight-connections.com\/wp-content\/uploads\/2025\/03\/DHL_Volvo_Electric_5.jpg 1440w\" sizes=\"auto, (max-width: 819px) 100vw, 819px\" \/><figcaption class=\"wp-element-caption\">Mattias Fredriksson<\/figcaption><\/figure>\n<\/figure>\n\n\n\n<blockquote class=\"wp-block-quote is-layout-flow wp-block-quote-is-layout-flow\">\n<p>Wir werden weiter in die Elektrifizierung investieren und freuen uns auf k\u00fcnftige Modelle mit noch gr\u00f6\u00dferer Reichweite und Kapazit\u00e4t \u2013 und wir werden die Entwicklung der Ladeinfrastruktur genau beobachten.<\/p>\n<cite><strong>Stefan Bergwall<\/strong>, Head of Business Development Non Terminal-Based Operations, DHL Freight Schweden<\/cite><\/blockquote>\n\n\n\n<h3 class=\"wp-block-heading\">Das Personal im F\u00fchrerstand ist beeindruckt<\/h3>\n\n\n\n<p>W\u00e4hrend DHL Freight wertvolle Erkenntnisse aus dem Einsatz des Volvo FH Electric mit Anh\u00e4nger im Fernverkehr zieht, haben die Fahrer:innen durch das positive Fahrerlebnis einen ganz pers\u00f6nlichen Mehrwert. DHL-Fahrer Mattias Fredriksson jedenfalls ist schon jetzt begeistert vom Komfort, der Leistung und der Sicherheit des FH Electric und davon, wie gut sich der batterieelektrisch angetriebene Schwer-Lkw im Fernverkehrsalltag bew\u00e4hrt hat. Dass der Testbetrieb nun zun\u00e4chst zu Ende geht, nimmt er zwar mit Wehmut zur Kenntnis, doch die Vorfreude \u00fcberwiegt: Nachhaltigen Lkw wie dem Volvo FH Electric geh\u00f6ren die Zukunft im Stra\u00dfeng\u00fcterverkehr.<\/p>\n\n\n\n<section class=\"cta-block-wrapper align-items-stretch d-flex flex-column flex-lg-row block-call-to-action\">\n<div class=\"cta-block-content\">\n\t\t<h2>Wie Sie von GoGreen Plus profitieren<\/h2>\n<p>Der Klimawandel ist die gr\u00f6\u00dfte Herausforderung unserer Zeit \u2013 und er betrifft uns alle. Nicht f\u00fcr jede Branche und jedes Unternehmen ist es aber leicht, den eigenen CO2-Fu\u00dfbadruck zu reduzieren. Mit GoGreen Plus geben wir Ihnen die M\u00f6glichkeit, dank Insetting einfach Emissionen zu reduzieren \u2013 und zwar genau dort, wo sie entstehen. 100% Ihrer Investitionen flie\u00dfen in die Nutzung gr\u00fcner Technologien innerhalb unseres Netzwerks.<\/p>\n\t\t  <div class=\"newsletter-block\">\n    <div class=\"button-group\">\n      \n      \n              <button class=\"tracking-newsletter-cta-opened newsletter-toggle button\" id=\"GoGreen Plus DE\">\n          Kontaktieren Sie mich zu GoGreen Plus        <\/button>\n      \n    <\/div>\n\n          <div class=\"newsletter-form\" style=\"display: none;\">\n        <script src=\"\/\/r1.dotdigital-pages.com\/resources\/sharing\/embed.js?sharing=lp-embed&domain=r1.dotdigital-pages.com&id=B1N-1LOL%2Fdanke-fur-ihr-interesse%22&description=GoGreen%20Plus%20DE\"><\/script>      <\/div>\n      <\/div>\n<script>\njQuery(document).ready(function($) {\n  $('.newsletter-block .button-group .newsletter-toggle').on('click', function(e) {\n    e.preventDefault();\n\n    const $form = $(this).parent().siblings('.newsletter-form');\n    const iframe = $form.find('iframe').get(0);\n\n    if (!iframe) return;\n\n    if ($form.hasClass('is-active')) {\n      $form.removeClass('is-active').stop().animate({ height: 0 }, 300, function() {\n        $form.css({ display: 'none' });\n      });\n      return;\n    }\n\n    $form.css({ display: 'block', height: 0 }).addClass('is-active');\n\n    const attrHeight = iframe.getAttribute('height');\n    const parsedAttr = parseInt(attrHeight);\n    if (!isNaN(parsedAttr)) {\n      $form.stop().animate({ height: parsedAttr }, 300);\n      return;\n    }\n\n    const fallbackHeight = 400;\n    $form.stop().animate({ height: fallbackHeight }, 300);\n\n    let attempts = 0;\n    const maxAttempts = 25;\n    const interval = setInterval(() => {\n      const check = iframe.getAttribute('height');\n      const parsed = parseInt(check);\n      if (!isNaN(parsed)) {\n        $form.stop().animate({ height: parsed }, 200);\n        clearInterval(interval);\n      } else {\n        attempts++;\n        if (attempts >= maxAttempts) {\n          clearInterval(interval);\n        }\n      }\n    }, 200);\n  });\n});\n<\/script>\n\n\n\n\n\n\n\n\n\n\t\n<\/div>\n\n\t\t<div class=\"cta-block-image\">\n   <img loading=\"lazy\" decoding=\"async\" width=\"1856\" height=\"1244\" src=\"https:\/\/dhl-freight-connections.com\/wp-content\/uploads\/2025\/01\/visual-scaled-e1737538165637.jpg\" class=\"attachment-full size-full\" alt=\"\" srcset=\"https:\/\/dhl-freight-connections.com\/wp-content\/uploads\/2025\/01\/visual-scaled-e1737538165637.jpg 1856w, https:\/\/dhl-freight-connections.com\/wp-content\/uploads\/2025\/01\/visual-scaled-e1737538165637-300x201.jpg 300w, https:\/\/dhl-freight-connections.com\/wp-content\/uploads\/2025\/01\/visual-scaled-e1737538165637-1024x686.jpg 1024w, https:\/\/dhl-freight-connections.com\/wp-content\/uploads\/2025\/01\/visual-scaled-e1737538165637-1536x1030.jpg 1536w\" sizes=\"auto, (max-width: 1856px) 100vw, 1856px\" \/>\n\t<\/div>\n\t<\/section>\n \n\n\n<h2 class=\"wp-block-heading\">E-Lkw und andere Nachhaltigkeitsprojekte von DHL Freight<\/h2>\n\n\n\n<p>Nicht nur in Schweden f\u00e4hrt DHL Freight vollelektrisch. Auch beispielsweise an den deutschen Standorten <a href=\"https:\/\/dhl-freight-connections.com\/de\/nachhaltigkeit\/kurs-auf-co2-freiheit-vollelektrische-lkw-von-mercedes-benz-trucks-rollen-fuer-dhl-freight\/\">Hagen und Koblenz<\/a>, in den <a href=\"https:\/\/dhl-freight-connections.com\/de\/unternehmen\/neuer-e-lkw-im-ensatz-fuer-dhl-freight-in-den-niederlanden\/\">Niederlanden<\/a> und f\u00fcr <a href=\"https:\/\/dhl-freight-connections.com\/de\/unternehmen\/erfolgreich-unterwegs-fuer-parker-hannifin-jetzt-vollelektrisch\/\">Parker Hannifin<\/a> f\u00fchren wir solche umweltfreundlichen Transporte durch. Um unsere Flotte schon kurz- und mittelfristig so nachhaltig wie m\u00f6glich zu gestalten, sind wir bei den Antrieben technologieoffen und immer auf der Suche nach der jeweils besten L\u00f6sung. So setzen wir beispielsweise im Rahmen unserer Kooperationen mit dem Maschinenbauer Manitou Group sowie den Pharmaherstellern <a href=\"https:\/\/dhl-freight-connections.com\/de\/nachhaltigkeit\/dhl-freight-und-alexion-setzen-zeichen-fuer-nachhaltigen-pharmatransport\/\">Alexion<\/a> und <a href=\"https:\/\/dhl-freight-connections.com\/de\/unternehmen\/dhl-freight-und-lilly-erste-internationale-biodiesel-route-fuer-den-medikamententransport\/\">Lilly<\/a> emissionsreduzierende HVO-Kraftstoffe ein. Mit den <a href=\"https:\/\/dhl-freight-connections.com\/de\/dhl-freight-gogreenplus\/\">GoGreen Plus Services<\/a> k\u00f6nnen unsere Kunden uns aktiv dabei unterst\u00fctzen, die gr\u00fcne Logistik der Zukunft zu gestalten und gleichzeitig ihre eigenen Scope-3-Emissionen reduzieren.<\/p>\n","protected":false},"excerpt":{"rendered":"<p>Elektrische Transportl\u00f6sungen geh\u00f6ren auf der letzten Meile und im Verteilerverkehr schon lange zum logistischen Alltag. Durch die technische Weiterentwicklung der ...<\/p>\n","protected":false},"author":29,"featured_media":36930,"comment_status":"closed","ping_status":"closed","sticky":false,"template":"","format":"standard","meta":{"_acf_changed":false,"footnotes":""},"categories":[3328],"tags":[475,521,3679,3815],"class_list":["post-36929","post","type-post","status-publish","format-standard","has-post-thumbnail","hentry","category-nachhaltigkeit","tag-strassenfracht","tag-nachhaltigkeit","tag-vollelektrisch","tag-volvo"],"acf":[],"_links":{"self":[{"href":"https:\/\/dhl-freight-connections.com\/de\/wp-json\/wp\/v2\/posts\/36929","targetHints":{"allow":["GET"]}}],"collection":[{"href":"https:\/\/dhl-freight-connections.com\/de\/wp-json\/wp\/v2\/posts"}],"about":[{"href":"https:\/\/dhl-freight-connections.com\/de\/wp-json\/wp\/v2\/types\/post"}],"author":[{"embeddable":true,"href":"https:\/\/dhl-freight-connections.com\/de\/wp-json\/wp\/v2\/users\/29"}],"replies":[{"embeddable":true,"href":"https:\/\/dhl-freight-connections.com\/de\/wp-json\/wp\/v2\/comments?post=36929"}],"version-history":[{"count":4,"href":"https:\/\/dhl-freight-connections.com\/de\/wp-json\/wp\/v2\/posts\/36929\/revisions"}],"predecessor-version":[{"id":36939,"href":"https:\/\/dhl-freight-connections.com\/de\/wp-json\/wp\/v2\/posts\/36929\/revisions\/36939"}],"wp:featuredmedia":[{"embeddable":true,"href":"https:\/\/dhl-freight-connections.com\/de\/wp-json\/wp\/v2\/media\/36930"}],"wp:attachment":[{"href":"https:\/\/dhl-freight-connections.com\/de\/wp-json\/wp\/v2\/media?parent=36929"}],"wp:term":[{"taxonomy":"category","embeddable":true,"href":"https:\/\/dhl-freight-connections.com\/de\/wp-json\/wp\/v2\/categories?post=36929"},{"taxonomy":"post_tag","embeddable":true,"href":"https:\/\/dhl-freight-connections.com\/de\/wp-json\/wp\/v2\/tags?post=36929"}],"curies":[{"name":"wp","href":"https:\/\/api.w.org\/{rel}","templated":true}]}}