{"id":36879,"date":"2025-02-25T13:17:30","date_gmt":"2025-02-25T12:17:30","guid":{"rendered":"https:\/\/dhl-freight-connections.com\/?p=36879"},"modified":"2025-02-25T13:17:32","modified_gmt":"2025-02-25T12:17:32","slug":"dhl-freight-spanien-reduziert-emissionen-mit-duo-trailern","status":"publish","type":"post","link":"https:\/\/dhl-freight-connections.com\/de\/nachhaltigkeit\/dhl-freight-spanien-reduziert-emissionen-mit-duo-trailern\/","title":{"rendered":"DHL Freight Spanien reduziert Emissionen mit Duo-Trailern"},"content":{"rendered":"\n<p>Effizienz erh\u00f6ht nicht nur die Wirtschaftlichkeit, sondern auch die Nachhaltigkeit. Ein Ansatz zur Effizienzsteigerung im Stra\u00dfeng\u00fcterverkehr ist die Erh\u00f6hung der Ladekapazit\u00e4t pro Fahrt. Dies l\u00e4sst sich zum Beispiel mit Duo-Trailern erreichen, einer Kombination zweier Sattelauflieger. Wird die Zugmaschine au\u00dferdem mit HVO statt Diesel betrieben \u2013 wie bei den beiden Duo-Trailern, die f\u00fcr DHL Freight Spanien zwischen Madrid und Barcelona unterwegs sind \u2013 reduziert sich der \u00f6kologische Fu\u00dfabdruck des Transports zus\u00e4tzlich.<\/p>\n\n\n\n<figure class=\"wp-block-image size-large\"><img loading=\"lazy\" decoding=\"async\" width=\"1024\" height=\"576\" src=\"https:\/\/dhl-freight-connections.com\/wp-content\/uploads\/2025\/02\/RZ_DHL_Duo_Trailer_DE-1024x576.jpg\" alt=\"\" class=\"wp-image-36882\" srcset=\"https:\/\/dhl-freight-connections.com\/wp-content\/uploads\/2025\/02\/RZ_DHL_Duo_Trailer_DE-1024x576.jpg 1024w, https:\/\/dhl-freight-connections.com\/wp-content\/uploads\/2025\/02\/RZ_DHL_Duo_Trailer_DE-300x169.jpg 300w, https:\/\/dhl-freight-connections.com\/wp-content\/uploads\/2025\/02\/RZ_DHL_Duo_Trailer_DE-1536x864.jpg 1536w, https:\/\/dhl-freight-connections.com\/wp-content\/uploads\/2025\/02\/RZ_DHL_Duo_Trailer_DE-2048x1152.jpg 2048w, https:\/\/dhl-freight-connections.com\/wp-content\/uploads\/2025\/02\/RZ_DHL_Duo_Trailer_DE.jpg 2560w\" sizes=\"auto, (max-width: 1024px) 100vw, 1024px\" \/><\/figure>\n\n\n\n<h2 class=\"wp-block-heading\">Reduktion der Treibhausgas-Emissionen um bis zu 90 Prozent<\/h2>\n\n\n\n<p>Rund 600 Stra\u00dfenkilometer liegen zwischen den beiden DHL Freight Terminals in Madrid und Barcelona. Auf einer stark frequentierten Strecke wie dieser k\u00f6nnen beim Transport viele Emissionen eingespart werden. Um dieses Potenzial im Sammelgutverkehr zwischen den beiden spanischen Metropolen effizient zu nutzen, setzt DHL Freight Iberia mit den Duo-Trailern an zwei Punkten an: bei der Ladekapazit\u00e4t und beim Treibstoff.<\/p>\n\n\n\n<p>Die beiden Duo-Trailer bestehen jeweils aus zwei Sattelaufliegern, die von einer HVO-betriebenen Zugmaschine angetrieben werden. Die Gesamtl\u00e4nge der beiden Einheiten betr\u00e4gt jeweils 31,75 Meter. Damit stellen die Duo-Trailer von DHL Freight Iberia die Transportl\u00f6sung mit der gr\u00f6\u00dften Stra\u00dfentransportkapazit\u00e4t in Europa dar. Das modulare Konzept erm\u00f6glicht eine Optimierung der Transportstr\u00f6me und in Kombination mit HVO eine Reduzierung der CO<sub>2e<\/sub>-Emissionen um bis zu 90 Prozent im Vergleich zu herk\u00f6mmlichen Dieseltransporten.<\/p>\n\n\n\n<blockquote class=\"wp-block-quote is-layout-flow wp-block-quote-is-layout-flow\">\n<p>DHL Freight Iberia ist stolz darauf, diesen Fahrzeugtyp in Betrieb zu nehmen, da er eine optimale, effiziente und umweltfreundliche L\u00f6sung f\u00fcr den Transport der G\u00fcter unserer Kunden darstellt. Wir planen, in den kommenden Monaten weitere neue Funktionen einzuf\u00fchren, die zu unseren Zielen Qualit\u00e4t, Effizienz und Nachhaltigkeit beitragen.<\/p>\n<cite><img loading=\"lazy\" decoding=\"async\" width=\"150\" height=\"150\" class=\"wp-image-36880\" style=\"width: 150px;\" src=\"https:\/\/dhl-freight-connections.com\/wp-content\/uploads\/2025\/02\/1548402568415.jpg\" alt=\"\" srcset=\"https:\/\/dhl-freight-connections.com\/wp-content\/uploads\/2025\/02\/1548402568415.jpg 400w, https:\/\/dhl-freight-connections.com\/wp-content\/uploads\/2025\/02\/1548402568415-300x300.jpg 300w, https:\/\/dhl-freight-connections.com\/wp-content\/uploads\/2025\/02\/1548402568415-200x200.jpg 200w\" sizes=\"auto, (max-width: 150px) 100vw, 150px\" \/><strong>Rub\u00e9n Gavela<\/strong>, General Manager DHL Freight Iberia<\/cite><\/blockquote>\n\n\n\n<figure class=\"wp-block-image size-large\"><img loading=\"lazy\" decoding=\"async\" width=\"1024\" height=\"576\" src=\"https:\/\/dhl-freight-connections.com\/wp-content\/uploads\/2025\/02\/RZ_DHL_Duo_Trailer_1-1024x576.jpg\" alt=\"\" class=\"wp-image-36883\" srcset=\"https:\/\/dhl-freight-connections.com\/wp-content\/uploads\/2025\/02\/RZ_DHL_Duo_Trailer_1-1024x576.jpg 1024w, https:\/\/dhl-freight-connections.com\/wp-content\/uploads\/2025\/02\/RZ_DHL_Duo_Trailer_1-300x169.jpg 300w, https:\/\/dhl-freight-connections.com\/wp-content\/uploads\/2025\/02\/RZ_DHL_Duo_Trailer_1-1536x864.jpg 1536w, https:\/\/dhl-freight-connections.com\/wp-content\/uploads\/2025\/02\/RZ_DHL_Duo_Trailer_1-2048x1152.jpg 2048w, https:\/\/dhl-freight-connections.com\/wp-content\/uploads\/2025\/02\/RZ_DHL_Duo_Trailer_1.jpg 2560w\" sizes=\"auto, (max-width: 1024px) 100vw, 1024px\" \/><\/figure>\n\n\n\n<h2 class=\"wp-block-heading\">Technische Features der Duo-Trailer<\/h2>\n\n\n\n<p>Die jeweils zwei Sattelauflieger, aus denen die beiden Kombis bestehen, verf\u00fcgen \u00fcber eigene Betriebs-, Kupplungs- und Warnsysteme. Die Duo-Trailer lassen sich leicht trennen, so dass jeder Auflieger mit eigener Zugmaschine bei Bedarf problemlos allein weiterfahren kann.<\/p>\n\n\n\n<p>Eine weitere Besonderheit ist, dass der vordere Anh\u00e4nger ein verst\u00e4rktes Fahrgestell hat, um den zus\u00e4tzlichen Zug- und Bremskr\u00e4ften gerecht zu werden, sowie eine Kupplungsglocke f\u00fcr die Deichsel, um den vorderen und den hinteren Anh\u00e4nger besser miteinander zu verbinden.<\/p>\n\n\n\n<section class=\"cta-block-wrapper align-items-stretch d-flex flex-column flex-lg-row block-call-to-action\">\n<div class=\"cta-block-content\">\n\t\t<h2>Wie Sie von GoGreen Plus profitieren<\/h2>\n<p>Der Klimawandel ist die gr\u00f6\u00dfte Herausforderung unserer Zeit \u2013 und er betrifft uns alle. Nicht f\u00fcr jede Branche und jedes Unternehmen ist es aber leicht, den eigenen CO2-Fu\u00dfbadruck zu reduzieren. Mit GoGreen Plus geben wir Ihnen die M\u00f6glichkeit, dank Insetting einfach Emissionen zu reduzieren \u2013 und zwar genau dort, wo sie entstehen. 100% Ihrer Investitionen flie\u00dfen in die Nutzung gr\u00fcner Technologien innerhalb unseres Netzwerks.<\/p>\n\t\t  <div class=\"newsletter-block\">\n    <div class=\"button-group\">\n      \n      \n              <button class=\"tracking-newsletter-cta-opened newsletter-toggle button\" id=\"GoGreen Plus DE\">\n          Kontaktieren Sie mich zu GoGreen Plus        <\/button>\n      \n    <\/div>\n\n          <div class=\"newsletter-form\" style=\"display: none;\">\n        <script src=\"\/\/r1.dotdigital-pages.com\/resources\/sharing\/embed.js?sharing=lp-embed&domain=r1.dotdigital-pages.com&id=B1N-1LOL%2Fdanke-fur-ihr-interesse%22&description=GoGreen%20Plus%20DE\"><\/script>      <\/div>\n      <\/div>\n<script>\njQuery(document).ready(function($) {\n  $('.newsletter-block .button-group .newsletter-toggle').on('click', function(e) {\n    e.preventDefault();\n\n    const $form = $(this).parent().siblings('.newsletter-form');\n    const iframe = $form.find('iframe').get(0);\n\n    if (!iframe) return;\n\n    if ($form.hasClass('is-active')) {\n      $form.removeClass('is-active').stop().animate({ height: 0 }, 300, function() {\n        $form.css({ display: 'none' });\n      });\n      return;\n    }\n\n    $form.css({ display: 'block', height: 0 }).addClass('is-active');\n\n    const attrHeight = iframe.getAttribute('height');\n    const parsedAttr = parseInt(attrHeight);\n    if (!isNaN(parsedAttr)) {\n      $form.stop().animate({ height: parsedAttr }, 300);\n      return;\n    }\n\n    const fallbackHeight = 400;\n    $form.stop().animate({ height: fallbackHeight }, 300);\n\n    let attempts = 0;\n    const maxAttempts = 25;\n    const interval = setInterval(() => {\n      const check = iframe.getAttribute('height');\n      const parsed = parseInt(check);\n      if (!isNaN(parsed)) {\n        $form.stop().animate({ height: parsed }, 200);\n        clearInterval(interval);\n      } else {\n        attempts++;\n        if (attempts >= maxAttempts) {\n          clearInterval(interval);\n        }\n      }\n    }, 200);\n  });\n});\n<\/script>\n\n\n\n\n\n\n\n\n\n\t\n<\/div>\n\n\t\t<div class=\"cta-block-image\">\n   <img loading=\"lazy\" decoding=\"async\" width=\"1856\" height=\"1244\" src=\"https:\/\/dhl-freight-connections.com\/wp-content\/uploads\/2025\/01\/visual-scaled-e1737538165637.jpg\" class=\"attachment-full size-full\" alt=\"\" srcset=\"https:\/\/dhl-freight-connections.com\/wp-content\/uploads\/2025\/01\/visual-scaled-e1737538165637.jpg 1856w, https:\/\/dhl-freight-connections.com\/wp-content\/uploads\/2025\/01\/visual-scaled-e1737538165637-300x201.jpg 300w, https:\/\/dhl-freight-connections.com\/wp-content\/uploads\/2025\/01\/visual-scaled-e1737538165637-1024x686.jpg 1024w, https:\/\/dhl-freight-connections.com\/wp-content\/uploads\/2025\/01\/visual-scaled-e1737538165637-1536x1030.jpg 1536w\" sizes=\"auto, (max-width: 1856px) 100vw, 1856px\" \/>\n\t<\/div>\n\t<\/section>\n \n\n\n<h2 class=\"wp-block-heading\">Nachhaltigkeitsprojekte DHL Freight zur Nachhaltigkeit<\/h2>\n\n\n\n<p>Auch auf anderen Routen setzt DHL Freight emissionsreduzierende HVO-Kraftstoffe ein, zum Beispiel bei Transporten f\u00fcr den Maschinenbauer Manitou Group und die Pharmahersteller <a href=\"https:\/\/dhl-freight-connections.com\/de\/nachhaltigkeit\/dhl-freight-und-alexion-setzen-zeichen-fuer-nachhaltigen-pharmatransport\/\">Alexion<\/a> und <a href=\"https:\/\/dhl-freight-connections.com\/de\/unternehmen\/dhl-freight-und-lilly-erste-internationale-biodiesel-route-fuer-den-medikamententransport\/\">Lilly<\/a>. Vollelektrische Transporte f\u00fchren wir zum Beispiel an den deutschen Standorten <a href=\"https:\/\/dhl-freight-connections.com\/de\/nachhaltigkeit\/kurs-auf-co2-freiheit-vollelektrische-lkw-von-mercedes-benz-trucks-rollen-fuer-dhl-freight\/\">Hagen und Koblenz<\/a>, in den <a href=\"https:\/\/dhl-freight-connections.com\/de\/unternehmen\/neuer-e-lkw-im-ensatz-fuer-dhl-freight-in-den-niederlanden\/\">Niederlanden<\/a> und f\u00fcr <a href=\"https:\/\/dhl-freight-connections.com\/de\/unternehmen\/erfolgreich-unterwegs-fuer-parker-hannifin-jetzt-vollelektrisch\/\">Parker Hannifin<\/a> durch. Auch die <a href=\"https:\/\/dhl-freight-connections.com\/de\/nachhaltigkeit\/wasserstoff-lkw-perspektiven-und-herausforderungen-fuer-emissionsfreie-strassenfracht\/\">Wasserstofftechnologie<\/a> testen wir in der Praxis, zum Beispiel mit dem Paul <a href=\"https:\/\/dhl-freight-connections.com\/de\/unternehmen\/dhl-freight-nimmt-wasserstoff-lkw-in-pilotbetrieb\/\">Paul Hydrogen Power-Truck<\/a>.<\/p>\n\n\n\n<p>Diese Technologieoffenheit hilft uns, die besten L\u00f6sungen zu finden, um unsere ehrgeizigen Nachhaltigkeitsziele zu erreichen und die gr\u00fcne Logistik der Zukunft zu gestalten. Mit den <a href=\"https:\/\/dhl-freight-connections.com\/de\/dhl-freight-gogreenplus\/\">GoGreen Plus Services<\/a> k\u00f6nnen unsere Kunden uns dabei aktiv unterst\u00fctzen und ihre eigenen Scope-3-Emissionen reduzieren.<\/p>\n","protected":false},"excerpt":{"rendered":"<p>Effizienz erh\u00f6ht nicht nur die Wirtschaftlichkeit, sondern auch die Nachhaltigkeit. Ein Ansatz zur Effizienzsteigerung im Stra\u00dfeng\u00fcterverkehr ist die Erh\u00f6hung der ...<\/p>\n","protected":false},"author":29,"featured_media":36881,"comment_status":"closed","ping_status":"closed","sticky":false,"template":"","format":"standard","meta":{"_acf_changed":false,"footnotes":""},"categories":[3328],"tags":[475,3749,3810],"class_list":["post-36879","post","type-post","status-publish","format-standard","has-post-thumbnail","hentry","category-nachhaltigkeit","tag-strassenfracht","tag-co2-emission","tag-duo-trailer"],"acf":[],"_links":{"self":[{"href":"https:\/\/dhl-freight-connections.com\/de\/wp-json\/wp\/v2\/posts\/36879","targetHints":{"allow":["GET"]}}],"collection":[{"href":"https:\/\/dhl-freight-connections.com\/de\/wp-json\/wp\/v2\/posts"}],"about":[{"href":"https:\/\/dhl-freight-connections.com\/de\/wp-json\/wp\/v2\/types\/post"}],"author":[{"embeddable":true,"href":"https:\/\/dhl-freight-connections.com\/de\/wp-json\/wp\/v2\/users\/29"}],"replies":[{"embeddable":true,"href":"https:\/\/dhl-freight-connections.com\/de\/wp-json\/wp\/v2\/comments?post=36879"}],"version-history":[{"count":2,"href":"https:\/\/dhl-freight-connections.com\/de\/wp-json\/wp\/v2\/posts\/36879\/revisions"}],"predecessor-version":[{"id":36885,"href":"https:\/\/dhl-freight-connections.com\/de\/wp-json\/wp\/v2\/posts\/36879\/revisions\/36885"}],"wp:featuredmedia":[{"embeddable":true,"href":"https:\/\/dhl-freight-connections.com\/de\/wp-json\/wp\/v2\/media\/36881"}],"wp:attachment":[{"href":"https:\/\/dhl-freight-connections.com\/de\/wp-json\/wp\/v2\/media?parent=36879"}],"wp:term":[{"taxonomy":"category","embeddable":true,"href":"https:\/\/dhl-freight-connections.com\/de\/wp-json\/wp\/v2\/categories?post=36879"},{"taxonomy":"post_tag","embeddable":true,"href":"https:\/\/dhl-freight-connections.com\/de\/wp-json\/wp\/v2\/tags?post=36879"}],"curies":[{"name":"wp","href":"https:\/\/api.w.org\/{rel}","templated":true}]}}